{"id":18770,"date":"2019-11-28T13:40:33","date_gmt":"2019-11-28T12:40:33","guid":{"rendered":"https:\/\/dev.epflex.com\/?p=18770"},"modified":"2019-12-09T17:12:54","modified_gmt":"2019-12-09T16:12:54","slug":"epflex-jubilee_ceremony","status":"publish","type":"post","link":"https:\/\/www.epflex.com\/en\/epflex-jubilee_ceremony\/","title":{"rendered":"Jubilee ceremony"},"content":{"rendered":"<p>An important component of the corporate culture of EPflex is that every year the company honors its employees\u00a0 celebrating a company anniversary.<br \/>\nLast Wednesday, more employees were honored than ever before in our 25-year company history: a total of 34 employees can look back on 10, 15, 20 or 25 years of seniority.<\/p>\n<p><strong>Congratulations to all those celebrating their anniversaries and many thanks for their decades of commitment and loyalty!<\/strong><\/p>\n<p><img fetchpriority=\"high\" decoding=\"async\" class=\"alignnone size-medium wp-image-18767\" src=\"https:\/\/www.epflex.com\/wp-content\/uploads\/2019\/10\/IMG_0377-300x225.jpg\" alt=\"\" width=\"300\" height=\"225\" srcset=\"https:\/\/www.epflex.com\/wp-content\/uploads\/2019\/10\/IMG_0377-300x225.jpg 300w, https:\/\/www.epflex.com\/wp-content\/uploads\/2019\/10\/IMG_0377.jpg 640w\" sizes=\"(max-width: 300px) 100vw, 300px\" \/><\/p>\n","protected":false},"excerpt":{"rendered":"<p>An important component of the corporate culture of EPflex is that every year the company honors its employees\u00a0 celebrating a company anniversary. Last Wednesday, more employees were honored than ever before in our 25-year company history: a total of 34 employees can look back on 10, 15, 20 or 25 years of seniority. Congratulations to [&hellip;]<\/p>\n","protected":false},"author":11,"featured_media":18776,"comment_status":"closed","ping_status":"closed","sticky":false,"template":"","format":"standard","meta":{"inline_featured_image":false,"footnotes":""},"categories":[100],"tags":[],"class_list":["post-18770","post","type-post","status-publish","format-standard","has-post-thumbnail","hentry","category-unternehmen-en"],"yoast_head":"<!-- This site is optimized with the Yoast SEO plugin v27.5 - https:\/\/yoast.com\/product\/yoast-seo-wordpress\/ -->\n<title>Jubilee ceremony - EPflex<\/title>\n<meta name=\"robots\" content=\"index, follow, max-snippet:-1, max-image-preview:large, max-video-preview:-1\" \/>\n<link rel=\"canonical\" href=\"https:\/\/www.epflex.com\/en\/epflex-jubilee_ceremony\/\" \/>\n<meta property=\"og:locale\" content=\"en_US\" \/>\n<meta property=\"og:type\" content=\"article\" \/>\n<meta property=\"og:title\" content=\"Jubilee ceremony - EPflex\" \/>\n<meta property=\"og:description\" content=\"An important component of the corporate culture of EPflex is that every year the company honors its employees\u00a0 celebrating a company anniversary. Last Wednesday, more employees were honored than ever before in our 25-year company history: a total of 34 employees can look back on 10, 15, 20 or 25 years of seniority. Congratulations to [&hellip;]\" \/>\n<meta property=\"og:url\" content=\"https:\/\/www.epflex.com\/en\/epflex-jubilee_ceremony\/\" \/>\n<meta property=\"og:site_name\" content=\"EPflex\" \/>\n<meta property=\"article:published_time\" content=\"2019-11-28T12:40:33+00:00\" \/>\n<meta property=\"article:modified_time\" content=\"2019-12-09T16:12:54+00:00\" \/>\n<meta property=\"og:image\" content=\"https:\/\/www.epflex.com\/wp-content\/uploads\/2019\/12\/Jubilare_Gruppenbild-1024x562.jpg\" \/>\n\t<meta property=\"og:image:width\" content=\"1024\" \/>\n\t<meta property=\"og:image:height\" content=\"562\" \/>\n\t<meta property=\"og:image:type\" content=\"image\/jpeg\" \/>\n<meta name=\"author\" content=\"Eva Santel\" \/>\n<meta name=\"twitter:card\" content=\"summary_large_image\" \/>\n<meta name=\"twitter:label1\" content=\"Written by\" \/>\n\t<meta name=\"twitter:data1\" content=\"Eva Santel\" \/>\n<script type=\"application\/ld+json\" class=\"yoast-schema-graph\">{\"@context\":\"https:\\\/\\\/schema.org\",\"@graph\":[{\"@type\":\"Article\",\"@id\":\"https:\\\/\\\/www.epflex.com\\\/en\\\/epflex-jubilee_ceremony\\\/#article\",\"isPartOf\":{\"@id\":\"https:\\\/\\\/www.epflex.com\\\/en\\\/epflex-jubilee_ceremony\\\/\"},\"author\":{\"name\":\"Eva Santel\",\"@id\":\"https:\\\/\\\/www.epflex.com\\\/en\\\/#\\\/schema\\\/person\\\/8af757cdecd979fdbc399b1cf89a3787\"},\"headline\":\"Jubilee ceremony\",\"datePublished\":\"2019-11-28T12:40:33+00:00\",\"dateModified\":\"2019-12-09T16:12:54+00:00\",\"mainEntityOfPage\":{\"@id\":\"https:\\\/\\\/www.epflex.com\\\/en\\\/epflex-jubilee_ceremony\\\/\"},\"wordCount\":67,\"publisher\":{\"@id\":\"https:\\\/\\\/www.epflex.com\\\/en\\\/#organization\"},\"image\":{\"@id\":\"https:\\\/\\\/www.epflex.com\\\/en\\\/epflex-jubilee_ceremony\\\/#primaryimage\"},\"thumbnailUrl\":\"https:\\\/\\\/www.epflex.com\\\/wp-content\\\/uploads\\\/2019\\\/12\\\/Jubilare_Gruppenbild.jpg\",\"articleSection\":[\"Unternehmen\"],\"inLanguage\":\"en-US\"},{\"@type\":\"WebPage\",\"@id\":\"https:\\\/\\\/www.epflex.com\\\/en\\\/epflex-jubilee_ceremony\\\/\",\"url\":\"https:\\\/\\\/www.epflex.com\\\/en\\\/epflex-jubilee_ceremony\\\/\",\"name\":\"Jubilee ceremony - EPflex\",\"isPartOf\":{\"@id\":\"https:\\\/\\\/www.epflex.com\\\/en\\\/#website\"},\"primaryImageOfPage\":{\"@id\":\"https:\\\/\\\/www.epflex.com\\\/en\\\/epflex-jubilee_ceremony\\\/#primaryimage\"},\"image\":{\"@id\":\"https:\\\/\\\/www.epflex.com\\\/en\\\/epflex-jubilee_ceremony\\\/#primaryimage\"},\"thumbnailUrl\":\"https:\\\/\\\/www.epflex.com\\\/wp-content\\\/uploads\\\/2019\\\/12\\\/Jubilare_Gruppenbild.jpg\",\"datePublished\":\"2019-11-28T12:40:33+00:00\",\"dateModified\":\"2019-12-09T16:12:54+00:00\",\"breadcrumb\":{\"@id\":\"https:\\\/\\\/www.epflex.com\\\/en\\\/epflex-jubilee_ceremony\\\/#breadcrumb\"},\"inLanguage\":\"en-US\",\"potentialAction\":[{\"@type\":\"ReadAction\",\"target\":[\"https:\\\/\\\/www.epflex.com\\\/en\\\/epflex-jubilee_ceremony\\\/\"]}]},{\"@type\":\"ImageObject\",\"inLanguage\":\"en-US\",\"@id\":\"https:\\\/\\\/www.epflex.com\\\/en\\\/epflex-jubilee_ceremony\\\/#primaryimage\",\"url\":\"https:\\\/\\\/www.epflex.com\\\/wp-content\\\/uploads\\\/2019\\\/12\\\/Jubilare_Gruppenbild.jpg\",\"contentUrl\":\"https:\\\/\\\/www.epflex.com\\\/wp-content\\\/uploads\\\/2019\\\/12\\\/Jubilare_Gruppenbild.jpg\",\"width\":4380,\"height\":2405},{\"@type\":\"BreadcrumbList\",\"@id\":\"https:\\\/\\\/www.epflex.com\\\/en\\\/epflex-jubilee_ceremony\\\/#breadcrumb\",\"itemListElement\":[{\"@type\":\"ListItem\",\"position\":1,\"name\":\"Startseite\",\"item\":\"https:\\\/\\\/www.epflex.com\\\/en\\\/\"},{\"@type\":\"ListItem\",\"position\":2,\"name\":\"Jubilee ceremony\"}]},{\"@type\":\"WebSite\",\"@id\":\"https:\\\/\\\/www.epflex.com\\\/en\\\/#website\",\"url\":\"https:\\\/\\\/www.epflex.com\\\/en\\\/\",\"name\":\"EPflex\",\"description\":\"F\u00fchrungsdr\u00e4hte und Steinfangk\u00f6rbchen f\u00fcr die minimalinvasive Medizin\",\"publisher\":{\"@id\":\"https:\\\/\\\/www.epflex.com\\\/en\\\/#organization\"},\"potentialAction\":[{\"@type\":\"SearchAction\",\"target\":{\"@type\":\"EntryPoint\",\"urlTemplate\":\"https:\\\/\\\/www.epflex.com\\\/en\\\/?s={search_term_string}\"},\"query-input\":{\"@type\":\"PropertyValueSpecification\",\"valueRequired\":true,\"valueName\":\"search_term_string\"}}],\"inLanguage\":\"en-US\"},{\"@type\":\"Organization\",\"@id\":\"https:\\\/\\\/www.epflex.com\\\/en\\\/#organization\",\"name\":\"EPflex\",\"url\":\"https:\\\/\\\/www.epflex.com\\\/en\\\/\",\"logo\":{\"@type\":\"ImageObject\",\"inLanguage\":\"en-US\",\"@id\":\"https:\\\/\\\/www.epflex.com\\\/en\\\/#\\\/schema\\\/logo\\\/image\\\/\",\"url\":\"https:\\\/\\\/www.epflex.com\\\/wp-content\\\/uploads\\\/2025\\\/11\\\/EPflex_Logo.svg\",\"contentUrl\":\"https:\\\/\\\/www.epflex.com\\\/wp-content\\\/uploads\\\/2025\\\/11\\\/EPflex_Logo.svg\",\"caption\":\"EPflex\"},\"image\":{\"@id\":\"https:\\\/\\\/www.epflex.com\\\/en\\\/#\\\/schema\\\/logo\\\/image\\\/\"}},{\"@type\":\"Person\",\"@id\":\"https:\\\/\\\/www.epflex.com\\\/en\\\/#\\\/schema\\\/person\\\/8af757cdecd979fdbc399b1cf89a3787\",\"name\":\"Eva Santel\",\"url\":\"https:\\\/\\\/www.epflex.com\\\/en\\\/author\\\/eva-santel\\\/\"}]}<\/script>\n<!-- \/ Yoast SEO plugin. -->","yoast_head_json":{"title":"Jubilee ceremony - EPflex","robots":{"index":"index","follow":"follow","max-snippet":"max-snippet:-1","max-image-preview":"max-image-preview:large","max-video-preview":"max-video-preview:-1"},"canonical":"https:\/\/www.epflex.com\/en\/epflex-jubilee_ceremony\/","og_locale":"en_US","og_type":"article","og_title":"Jubilee ceremony - EPflex","og_description":"An important component of the corporate culture of EPflex is that every year the company honors its employees\u00a0 celebrating a company anniversary. Last Wednesday, more employees were honored than ever before in our 25-year company history: a total of 34 employees can look back on 10, 15, 20 or 25 years of seniority. Congratulations to [&hellip;]","og_url":"https:\/\/www.epflex.com\/en\/epflex-jubilee_ceremony\/","og_site_name":"EPflex","article_published_time":"2019-11-28T12:40:33+00:00","article_modified_time":"2019-12-09T16:12:54+00:00","og_image":[{"width":1024,"height":562,"url":"https:\/\/www.epflex.com\/wp-content\/uploads\/2019\/12\/Jubilare_Gruppenbild-1024x562.jpg","type":"image\/jpeg"}],"author":"Eva Santel","twitter_card":"summary_large_image","twitter_misc":{"Written by":"Eva Santel"},"schema":{"@context":"https:\/\/schema.org","@graph":[{"@type":"Article","@id":"https:\/\/www.epflex.com\/en\/epflex-jubilee_ceremony\/#article","isPartOf":{"@id":"https:\/\/www.epflex.com\/en\/epflex-jubilee_ceremony\/"},"author":{"name":"Eva Santel","@id":"https:\/\/www.epflex.com\/en\/#\/schema\/person\/8af757cdecd979fdbc399b1cf89a3787"},"headline":"Jubilee ceremony","datePublished":"2019-11-28T12:40:33+00:00","dateModified":"2019-12-09T16:12:54+00:00","mainEntityOfPage":{"@id":"https:\/\/www.epflex.com\/en\/epflex-jubilee_ceremony\/"},"wordCount":67,"publisher":{"@id":"https:\/\/www.epflex.com\/en\/#organization"},"image":{"@id":"https:\/\/www.epflex.com\/en\/epflex-jubilee_ceremony\/#primaryimage"},"thumbnailUrl":"https:\/\/www.epflex.com\/wp-content\/uploads\/2019\/12\/Jubilare_Gruppenbild.jpg","articleSection":["Unternehmen"],"inLanguage":"en-US"},{"@type":"WebPage","@id":"https:\/\/www.epflex.com\/en\/epflex-jubilee_ceremony\/","url":"https:\/\/www.epflex.com\/en\/epflex-jubilee_ceremony\/","name":"Jubilee ceremony - EPflex","isPartOf":{"@id":"https:\/\/www.epflex.com\/en\/#website"},"primaryImageOfPage":{"@id":"https:\/\/www.epflex.com\/en\/epflex-jubilee_ceremony\/#primaryimage"},"image":{"@id":"https:\/\/www.epflex.com\/en\/epflex-jubilee_ceremony\/#primaryimage"},"thumbnailUrl":"https:\/\/www.epflex.com\/wp-content\/uploads\/2019\/12\/Jubilare_Gruppenbild.jpg","datePublished":"2019-11-28T12:40:33+00:00","dateModified":"2019-12-09T16:12:54+00:00","breadcrumb":{"@id":"https:\/\/www.epflex.com\/en\/epflex-jubilee_ceremony\/#breadcrumb"},"inLanguage":"en-US","potentialAction":[{"@type":"ReadAction","target":["https:\/\/www.epflex.com\/en\/epflex-jubilee_ceremony\/"]}]},{"@type":"ImageObject","inLanguage":"en-US","@id":"https:\/\/www.epflex.com\/en\/epflex-jubilee_ceremony\/#primaryimage","url":"https:\/\/www.epflex.com\/wp-content\/uploads\/2019\/12\/Jubilare_Gruppenbild.jpg","contentUrl":"https:\/\/www.epflex.com\/wp-content\/uploads\/2019\/12\/Jubilare_Gruppenbild.jpg","width":4380,"height":2405},{"@type":"BreadcrumbList","@id":"https:\/\/www.epflex.com\/en\/epflex-jubilee_ceremony\/#breadcrumb","itemListElement":[{"@type":"ListItem","position":1,"name":"Startseite","item":"https:\/\/www.epflex.com\/en\/"},{"@type":"ListItem","position":2,"name":"Jubilee ceremony"}]},{"@type":"WebSite","@id":"https:\/\/www.epflex.com\/en\/#website","url":"https:\/\/www.epflex.com\/en\/","name":"EPflex","description":"F\u00fchrungsdr\u00e4hte und Steinfangk\u00f6rbchen f\u00fcr die minimalinvasive Medizin","publisher":{"@id":"https:\/\/www.epflex.com\/en\/#organization"},"potentialAction":[{"@type":"SearchAction","target":{"@type":"EntryPoint","urlTemplate":"https:\/\/www.epflex.com\/en\/?s={search_term_string}"},"query-input":{"@type":"PropertyValueSpecification","valueRequired":true,"valueName":"search_term_string"}}],"inLanguage":"en-US"},{"@type":"Organization","@id":"https:\/\/www.epflex.com\/en\/#organization","name":"EPflex","url":"https:\/\/www.epflex.com\/en\/","logo":{"@type":"ImageObject","inLanguage":"en-US","@id":"https:\/\/www.epflex.com\/en\/#\/schema\/logo\/image\/","url":"https:\/\/www.epflex.com\/wp-content\/uploads\/2025\/11\/EPflex_Logo.svg","contentUrl":"https:\/\/www.epflex.com\/wp-content\/uploads\/2025\/11\/EPflex_Logo.svg","caption":"EPflex"},"image":{"@id":"https:\/\/www.epflex.com\/en\/#\/schema\/logo\/image\/"}},{"@type":"Person","@id":"https:\/\/www.epflex.com\/en\/#\/schema\/person\/8af757cdecd979fdbc399b1cf89a3787","name":"Eva Santel","url":"https:\/\/www.epflex.com\/en\/author\/eva-santel\/"}]}},"_links":{"self":[{"href":"https:\/\/www.epflex.com\/en\/wp-json\/wp\/v2\/posts\/18770","targetHints":{"allow":["GET"]}}],"collection":[{"href":"https:\/\/www.epflex.com\/en\/wp-json\/wp\/v2\/posts"}],"about":[{"href":"https:\/\/www.epflex.com\/en\/wp-json\/wp\/v2\/types\/post"}],"author":[{"embeddable":true,"href":"https:\/\/www.epflex.com\/en\/wp-json\/wp\/v2\/users\/11"}],"replies":[{"embeddable":true,"href":"https:\/\/www.epflex.com\/en\/wp-json\/wp\/v2\/comments?post=18770"}],"version-history":[{"count":0,"href":"https:\/\/www.epflex.com\/en\/wp-json\/wp\/v2\/posts\/18770\/revisions"}],"wp:featuredmedia":[{"embeddable":true,"href":"https:\/\/www.epflex.com\/en\/wp-json\/wp\/v2\/media\/18776"}],"wp:attachment":[{"href":"https:\/\/www.epflex.com\/en\/wp-json\/wp\/v2\/media?parent=18770"}],"wp:term":[{"taxonomy":"category","embeddable":true,"href":"https:\/\/www.epflex.com\/en\/wp-json\/wp\/v2\/categories?post=18770"},{"taxonomy":"post_tag","embeddable":true,"href":"https:\/\/www.epflex.com\/en\/wp-json\/wp\/v2\/tags?post=18770"}],"curies":[{"name":"wp","href":"https:\/\/api.w.org\/{rel}","templated":true}]}}